{"id":3179,"date":"2019-01-14T15:08:06","date_gmt":"2019-01-14T14:08:06","guid":{"rendered":"https:\/\/wheels2rent.de\/test\/?p=3179"},"modified":"2020-03-17T12:24:12","modified_gmt":"2020-03-17T11:24:12","slug":"heisse-preise-an-kalten-tagen","status":"publish","type":"post","link":"https:\/\/wheels2rent.de\/en\/2019\/01\/14\/heisse-preise-an-kalten-tagen\/","title":{"rendered":"Hei\u00dfe Preise an kalten Tagen"},"content":{"rendered":"<p>P\u00fcnktlich zur Saison 2019 unsere Carbonsattel jetzt auch mit Freigabe f\u00fcr MTB zum Einf\u00fchrungspreis.<br \/>\nDer Sattel hat im vorderen Bereich eine leicht genarbte Oberfl\u00e4chenstruktur und bietet damit rutschfreien Halt.<\/p>","protected":false},"excerpt":{"rendered":"<p>P\u00fcnktlich zur Saison 2019 unsere Carbonsattel jetzt auch mit Freigabe f\u00fcr MTB zum Einf\u00fchrungspreis. Der Sattel hat im vorderen Bereich eine leicht genarbte Oberfl\u00e4chenstruktur und bietet damit rutschfreien Halt.<\/p>","protected":false},"author":3,"featured_media":3112,"comment_status":"closed","ping_status":"closed","sticky":false,"template":"","format":"standard","meta":[],"categories":[1],"tags":[],"yoast_head":"<!-- This site is optimized with the Yoast SEO plugin v17.5 - https:\/\/yoast.com\/wordpress\/plugins\/seo\/ -->\n<title>Hei\u00dfe Preise an kalten Tagen - Wheels2rent<\/title>\n<meta name=\"robots\" content=\"index, follow, max-snippet:-1, max-image-preview:large, max-video-preview:-1\" \/>\n<link rel=\"canonical\" href=\"https:\/\/wheels2rent.de\/en\/2019\/01\/14\/heisse-preise-an-kalten-tagen\/\" \/>\n<meta property=\"og:locale\" content=\"en_GB\" \/>\n<meta property=\"og:type\" content=\"article\" \/>\n<meta property=\"og:title\" content=\"Hei\u00dfe Preise an kalten Tagen - Wheels2rent\" \/>\n<meta property=\"og:description\" content=\"P\u00fcnktlich zur Saison 2019 unsere Carbonsattel jetzt auch mit Freigabe f\u00fcr MTB zum Einf\u00fchrungspreis. Der Sattel hat im vorderen Bereich eine leicht genarbte Oberfl\u00e4chenstruktur und bietet damit rutschfreien Halt.\" \/>\n<meta property=\"og:url\" content=\"https:\/\/wheels2rent.de\/en\/2019\/01\/14\/heisse-preise-an-kalten-tagen\/\" \/>\n<meta property=\"og:site_name\" content=\"Wheels2rent\" \/>\n<meta property=\"article:publisher\" content=\"https:\/\/www.facebook.com\/HeuerRadsport\/\" \/>\n<meta property=\"article:published_time\" content=\"2019-01-14T14:08:06+00:00\" \/>\n<meta property=\"article:modified_time\" content=\"2020-03-17T11:24:12+00:00\" \/>\n<meta property=\"og:image\" content=\"https:\/\/wheels2rent.de\/test\/wp-content\/uploads\/2019\/01\/disc14.jpg\" \/>\n\t<meta property=\"og:image:width\" content=\"360\" \/>\n\t<meta property=\"og:image:height\" content=\"239\" \/>\n<meta name=\"twitter:card\" content=\"summary_large_image\" \/>\n<meta name=\"twitter:creator\" content=\"@radsport_heuer\" \/>\n<meta name=\"twitter:site\" content=\"@radsport_heuer\" \/>\n<meta name=\"twitter:label1\" content=\"Written by\" \/>\n\t<meta name=\"twitter:data1\" content=\"Joachim\" \/>\n<script type=\"application\/ld+json\" class=\"yoast-schema-graph\">{\"@context\":\"https:\/\/schema.org\",\"@graph\":[{\"@type\":\"Organization\",\"@id\":\"https:\/\/wheels2rent.de\/#organization\",\"name\":\"Heuer Radsport\",\"url\":\"https:\/\/wheels2rent.de\/\",\"sameAs\":[\"https:\/\/www.facebook.com\/HeuerRadsport\/\",\"https:\/\/www.instagram.com\/radsport_heuer\/\",\"https:\/\/www.youtube.com\/channel\/UCuFkVFhY376_zRGfw_0Oy-Q\",\"https:\/\/twitter.com\/radsport_heuer\"],\"logo\":{\"@type\":\"ImageObject\",\"@id\":\"https:\/\/wheels2rent.de\/#logo\",\"inLanguage\":\"en-GB\",\"url\":\"https:\/\/wheels2rent.de\/test\/wp-content\/uploads\/2019\/01\/logo2.jpg\",\"contentUrl\":\"https:\/\/wheels2rent.de\/test\/wp-content\/uploads\/2019\/01\/logo2.jpg\",\"width\":750,\"height\":186,\"caption\":\"Heuer Radsport\"},\"image\":{\"@id\":\"https:\/\/wheels2rent.de\/#logo\"}},{\"@type\":\"WebSite\",\"@id\":\"https:\/\/wheels2rent.de\/#website\",\"url\":\"https:\/\/wheels2rent.de\/\",\"name\":\"Heuer Radsport\",\"description\":\"Vollgas! oder einfach: Kette rechts\",\"publisher\":{\"@id\":\"https:\/\/wheels2rent.de\/#organization\"},\"potentialAction\":[{\"@type\":\"SearchAction\",\"target\":{\"@type\":\"EntryPoint\",\"urlTemplate\":\"https:\/\/wheels2rent.de\/?s={search_term_string}\"},\"query-input\":\"required name=search_term_string\"}],\"inLanguage\":\"en-GB\"},{\"@type\":\"ImageObject\",\"@id\":\"https:\/\/wheels2rent.de\/2019\/01\/14\/heisse-preise-an-kalten-tagen\/#primaryimage\",\"inLanguage\":\"en-GB\",\"url\":\"https:\/\/wheels2rent.de\/test\/wp-content\/uploads\/2019\/01\/disc14.jpg\",\"contentUrl\":\"https:\/\/wheels2rent.de\/test\/wp-content\/uploads\/2019\/01\/disc14.jpg\",\"width\":360,\"height\":239},{\"@type\":\"WebPage\",\"@id\":\"https:\/\/wheels2rent.de\/2019\/01\/14\/heisse-preise-an-kalten-tagen\/#webpage\",\"url\":\"https:\/\/wheels2rent.de\/2019\/01\/14\/heisse-preise-an-kalten-tagen\/\",\"name\":\"Hei\\u00dfe Preise an kalten Tagen - Wheels2rent\",\"isPartOf\":{\"@id\":\"https:\/\/wheels2rent.de\/#website\"},\"primaryImageOfPage\":{\"@id\":\"https:\/\/wheels2rent.de\/2019\/01\/14\/heisse-preise-an-kalten-tagen\/#primaryimage\"},\"datePublished\":\"2019-01-14T14:08:06+00:00\",\"dateModified\":\"2020-03-17T11:24:12+00:00\",\"breadcrumb\":{\"@id\":\"https:\/\/wheels2rent.de\/2019\/01\/14\/heisse-preise-an-kalten-tagen\/#breadcrumb\"},\"inLanguage\":\"en-GB\",\"potentialAction\":[{\"@type\":\"ReadAction\",\"target\":[\"https:\/\/wheels2rent.de\/2019\/01\/14\/heisse-preise-an-kalten-tagen\/\"]}]},{\"@type\":\"BreadcrumbList\",\"@id\":\"https:\/\/wheels2rent.de\/2019\/01\/14\/heisse-preise-an-kalten-tagen\/#breadcrumb\",\"itemListElement\":[{\"@type\":\"ListItem\",\"position\":1,\"name\":\"Home\",\"item\":\"https:\/\/wheels2rent.de\/\"},{\"@type\":\"ListItem\",\"position\":2,\"name\":\"Hei\\u00dfe Preise an kalten Tagen\"}]},{\"@type\":\"Article\",\"@id\":\"https:\/\/wheels2rent.de\/2019\/01\/14\/heisse-preise-an-kalten-tagen\/#article\",\"isPartOf\":{\"@id\":\"https:\/\/wheels2rent.de\/2019\/01\/14\/heisse-preise-an-kalten-tagen\/#webpage\"},\"author\":{\"@id\":\"https:\/\/wheels2rent.de\/#\/schema\/person\/f625bb5988ec93b90777a0374a855a12\"},\"headline\":\"Hei\\u00dfe Preise an kalten Tagen\",\"datePublished\":\"2019-01-14T14:08:06+00:00\",\"dateModified\":\"2020-03-17T11:24:12+00:00\",\"mainEntityOfPage\":{\"@id\":\"https:\/\/wheels2rent.de\/2019\/01\/14\/heisse-preise-an-kalten-tagen\/#webpage\"},\"wordCount\":38,\"publisher\":{\"@id\":\"https:\/\/wheels2rent.de\/#organization\"},\"image\":{\"@id\":\"https:\/\/wheels2rent.de\/2019\/01\/14\/heisse-preise-an-kalten-tagen\/#primaryimage\"},\"thumbnailUrl\":\"https:\/\/wheels2rent.de\/test\/wp-content\/uploads\/2019\/01\/disc14.jpg\",\"articleSection\":[\"Allgemein\"],\"inLanguage\":\"en-GB\"},{\"@type\":\"Person\",\"@id\":\"https:\/\/wheels2rent.de\/#\/schema\/person\/f625bb5988ec93b90777a0374a855a12\",\"name\":\"Joachim\",\"image\":{\"@type\":\"ImageObject\",\"@id\":\"https:\/\/wheels2rent.de\/#personlogo\",\"inLanguage\":\"en-GB\",\"url\":\"https:\/\/secure.gravatar.com\/avatar\/9f00a17b3cd01d9c027cab95a4746f9e?s=96&d=mm&r=g\",\"contentUrl\":\"https:\/\/secure.gravatar.com\/avatar\/9f00a17b3cd01d9c027cab95a4746f9e?s=96&d=mm&r=g\",\"caption\":\"Joachim\"}}]}<\/script>\n<!-- \/ Yoast SEO plugin. -->","yoast_head_json":{"title":"Hei\u00dfe Preise an kalten Tagen - Wheels2rent","robots":{"index":"index","follow":"follow","max-snippet":"max-snippet:-1","max-image-preview":"max-image-preview:large","max-video-preview":"max-video-preview:-1"},"canonical":"https:\/\/wheels2rent.de\/en\/2019\/01\/14\/heisse-preise-an-kalten-tagen\/","og_locale":"en_GB","og_type":"article","og_title":"Hei\u00dfe Preise an kalten Tagen - Wheels2rent","og_description":"P\u00fcnktlich zur Saison 2019 unsere Carbonsattel jetzt auch mit Freigabe f\u00fcr MTB zum Einf\u00fchrungspreis. Der Sattel hat im vorderen Bereich eine leicht genarbte Oberfl\u00e4chenstruktur und bietet damit rutschfreien Halt.","og_url":"https:\/\/wheels2rent.de\/en\/2019\/01\/14\/heisse-preise-an-kalten-tagen\/","og_site_name":"Wheels2rent","article_publisher":"https:\/\/www.facebook.com\/HeuerRadsport\/","article_published_time":"2019-01-14T14:08:06+00:00","article_modified_time":"2020-03-17T11:24:12+00:00","og_image":[{"width":360,"height":239,"url":"https:\/\/wheels2rent.de\/test\/wp-content\/uploads\/2019\/01\/disc14.jpg","type":"image\/jpeg"}],"twitter_card":"summary_large_image","twitter_creator":"@radsport_heuer","twitter_site":"@radsport_heuer","twitter_misc":{"Written by":"Joachim"},"schema":{"@context":"https:\/\/schema.org","@graph":[{"@type":"Organization","@id":"https:\/\/wheels2rent.de\/#organization","name":"Heuer Radsport","url":"https:\/\/wheels2rent.de\/","sameAs":["https:\/\/www.facebook.com\/HeuerRadsport\/","https:\/\/www.instagram.com\/radsport_heuer\/","https:\/\/www.youtube.com\/channel\/UCuFkVFhY376_zRGfw_0Oy-Q","https:\/\/twitter.com\/radsport_heuer"],"logo":{"@type":"ImageObject","@id":"https:\/\/wheels2rent.de\/#logo","inLanguage":"en-GB","url":"https:\/\/wheels2rent.de\/test\/wp-content\/uploads\/2019\/01\/logo2.jpg","contentUrl":"https:\/\/wheels2rent.de\/test\/wp-content\/uploads\/2019\/01\/logo2.jpg","width":750,"height":186,"caption":"Heuer Radsport"},"image":{"@id":"https:\/\/wheels2rent.de\/#logo"}},{"@type":"WebSite","@id":"https:\/\/wheels2rent.de\/#website","url":"https:\/\/wheels2rent.de\/","name":"Heuer Radsport","description":"Vollgas! oder einfach: Kette rechts","publisher":{"@id":"https:\/\/wheels2rent.de\/#organization"},"potentialAction":[{"@type":"SearchAction","target":{"@type":"EntryPoint","urlTemplate":"https:\/\/wheels2rent.de\/?s={search_term_string}"},"query-input":"required name=search_term_string"}],"inLanguage":"en-GB"},{"@type":"ImageObject","@id":"https:\/\/wheels2rent.de\/2019\/01\/14\/heisse-preise-an-kalten-tagen\/#primaryimage","inLanguage":"en-GB","url":"https:\/\/wheels2rent.de\/test\/wp-content\/uploads\/2019\/01\/disc14.jpg","contentUrl":"https:\/\/wheels2rent.de\/test\/wp-content\/uploads\/2019\/01\/disc14.jpg","width":360,"height":239},{"@type":"WebPage","@id":"https:\/\/wheels2rent.de\/2019\/01\/14\/heisse-preise-an-kalten-tagen\/#webpage","url":"https:\/\/wheels2rent.de\/2019\/01\/14\/heisse-preise-an-kalten-tagen\/","name":"Hei\u00dfe Preise an kalten Tagen - Wheels2rent","isPartOf":{"@id":"https:\/\/wheels2rent.de\/#website"},"primaryImageOfPage":{"@id":"https:\/\/wheels2rent.de\/2019\/01\/14\/heisse-preise-an-kalten-tagen\/#primaryimage"},"datePublished":"2019-01-14T14:08:06+00:00","dateModified":"2020-03-17T11:24:12+00:00","breadcrumb":{"@id":"https:\/\/wheels2rent.de\/2019\/01\/14\/heisse-preise-an-kalten-tagen\/#breadcrumb"},"inLanguage":"en-GB","potentialAction":[{"@type":"ReadAction","target":["https:\/\/wheels2rent.de\/2019\/01\/14\/heisse-preise-an-kalten-tagen\/"]}]},{"@type":"BreadcrumbList","@id":"https:\/\/wheels2rent.de\/2019\/01\/14\/heisse-preise-an-kalten-tagen\/#breadcrumb","itemListElement":[{"@type":"ListItem","position":1,"name":"Home","item":"https:\/\/wheels2rent.de\/"},{"@type":"ListItem","position":2,"name":"Hei\u00dfe Preise an kalten Tagen"}]},{"@type":"Article","@id":"https:\/\/wheels2rent.de\/2019\/01\/14\/heisse-preise-an-kalten-tagen\/#article","isPartOf":{"@id":"https:\/\/wheels2rent.de\/2019\/01\/14\/heisse-preise-an-kalten-tagen\/#webpage"},"author":{"@id":"https:\/\/wheels2rent.de\/#\/schema\/person\/f625bb5988ec93b90777a0374a855a12"},"headline":"Hei\u00dfe Preise an kalten Tagen","datePublished":"2019-01-14T14:08:06+00:00","dateModified":"2020-03-17T11:24:12+00:00","mainEntityOfPage":{"@id":"https:\/\/wheels2rent.de\/2019\/01\/14\/heisse-preise-an-kalten-tagen\/#webpage"},"wordCount":38,"publisher":{"@id":"https:\/\/wheels2rent.de\/#organization"},"image":{"@id":"https:\/\/wheels2rent.de\/2019\/01\/14\/heisse-preise-an-kalten-tagen\/#primaryimage"},"thumbnailUrl":"https:\/\/wheels2rent.de\/test\/wp-content\/uploads\/2019\/01\/disc14.jpg","articleSection":["Allgemein"],"inLanguage":"en-GB"},{"@type":"Person","@id":"https:\/\/wheels2rent.de\/#\/schema\/person\/f625bb5988ec93b90777a0374a855a12","name":"Joachim","image":{"@type":"ImageObject","@id":"https:\/\/wheels2rent.de\/#personlogo","inLanguage":"en-GB","url":"https:\/\/secure.gravatar.com\/avatar\/9f00a17b3cd01d9c027cab95a4746f9e?s=96&d=mm&r=g","contentUrl":"https:\/\/secure.gravatar.com\/avatar\/9f00a17b3cd01d9c027cab95a4746f9e?s=96&d=mm&r=g","caption":"Joachim"}}]}},"_links":{"self":[{"href":"https:\/\/wheels2rent.de\/en\/wp-json\/wp\/v2\/posts\/3179"}],"collection":[{"href":"https:\/\/wheels2rent.de\/en\/wp-json\/wp\/v2\/posts"}],"about":[{"href":"https:\/\/wheels2rent.de\/en\/wp-json\/wp\/v2\/types\/post"}],"author":[{"embeddable":true,"href":"https:\/\/wheels2rent.de\/en\/wp-json\/wp\/v2\/users\/3"}],"replies":[{"embeddable":true,"href":"https:\/\/wheels2rent.de\/en\/wp-json\/wp\/v2\/comments?post=3179"}],"version-history":[{"count":1,"href":"https:\/\/wheels2rent.de\/en\/wp-json\/wp\/v2\/posts\/3179\/revisions"}],"predecessor-version":[{"id":3180,"href":"https:\/\/wheels2rent.de\/en\/wp-json\/wp\/v2\/posts\/3179\/revisions\/3180"}],"wp:featuredmedia":[{"embeddable":true,"href":"https:\/\/wheels2rent.de\/en\/wp-json\/wp\/v2\/media\/3112"}],"wp:attachment":[{"href":"https:\/\/wheels2rent.de\/en\/wp-json\/wp\/v2\/media?parent=3179"}],"wp:term":[{"taxonomy":"category","embeddable":true,"href":"https:\/\/wheels2rent.de\/en\/wp-json\/wp\/v2\/categories?post=3179"},{"taxonomy":"post_tag","embeddable":true,"href":"https:\/\/wheels2rent.de\/en\/wp-json\/wp\/v2\/tags?post=3179"}],"curies":[{"name":"wp","href":"https:\/\/api.w.org\/{rel}","templated":true}]}}